{"id":1265,"date":"2018-09-14T18:31:18","date_gmt":"2018-09-14T16:31:18","guid":{"rendered":"http:\/\/mtbglucholazy.pl\/?p=1265"},"modified":"2018-10-01T08:08:06","modified_gmt":"2018-10-01T06:08:06","slug":"podsumowanie-edycji-2018","status":"publish","type":"post","link":"https:\/\/mtbglucholazy.pl\/?p=1265","title":{"rendered":"Podsumowanie edycji 2018"},"content":{"rendered":"<div style='float:left;margin-right:7px;' class='like-fb'><\/div><p><figure id=\"attachment_1258\" aria-describedby=\"caption-attachment-1258\" style=\"width: 1024px\" class=\"wp-caption aligncenter\"><img fetchpriority=\"high\" decoding=\"async\" class=\"wp-image-1258 size-large\" src=\"http:\/\/mtbglucholazy.pl\/wp-content\/uploads\/2018\/09\/40566535_1888388841237469_3867251465999351808_o-1024x683.jpg\" alt=\"\" width=\"1024\" height=\"683\" srcset=\"https:\/\/mtbglucholazy.pl\/wp-content\/uploads\/2018\/09\/40566535_1888388841237469_3867251465999351808_o-1024x683.jpg 1024w, https:\/\/mtbglucholazy.pl\/wp-content\/uploads\/2018\/09\/40566535_1888388841237469_3867251465999351808_o-300x200.jpg 300w, https:\/\/mtbglucholazy.pl\/wp-content\/uploads\/2018\/09\/40566535_1888388841237469_3867251465999351808_o-768x512.jpg 768w, https:\/\/mtbglucholazy.pl\/wp-content\/uploads\/2018\/09\/40566535_1888388841237469_3867251465999351808_o.jpg 2048w\" sizes=\"(max-width: 1024px) 100vw, 1024px\" \/><figcaption id=\"caption-attachment-1258\" class=\"wp-caption-text\">Zdj\u0119cia Mateusz Wn\u0119k<\/figcaption><\/figure><br \/>\nW dniach 1 \u2013 2 wrze\u015bnia 2018r. w ramach kolarskiego weekendu G\u0142ucho\u0142azy 2018 odby\u0142 si\u0119 VII og\u00f3lnopolski wy\u015bcig CykloOpawy XC &#8211; Puchar polski XCO oraz Lellek Grup Gold Hill MTB Maraton G\u0142ucho\u0142azy.<br \/>\nOrganizatorem zawod\u00f3w by\u0142 Klub Turystyki Kolarskiej Ktukol G\u0142ucho\u0142azy.<br \/>\nPatronat nad imprez\u0105 obj\u0105\u0142 Burmistrz G\u0142ucho\u0142az Edward Szupryczy\u0144ski.<br \/>\nSponsor G\u0142\u00f3wny \u0160KODA LELLEK OPOLE.<br \/>\nUzyskali\u015bmy dofinansowanie z bud\u017cetu Gminy G\u0142ucho\u0142azy i Urz\u0119du Marsza\u0142kowskiego w Opolu.<\/p>\n<p>G\u0142ucho\u0142azy na trwale wpisa\u0142o si\u0119 w kolarsk\u0105 map\u0119 zawod\u00f3w MTB o zasi\u0119gu og\u00f3lnopolskim. Potwierdza to rekordowa frekwencja w tym roku:<br \/>\n&#8211; VII og\u00f3lnopolski wy\u015bcig CykloOpawy XC &#8211; Puchar polski XCO zapisanych 372 os\u00f3b<br \/>\n&#8211; Lellek Grup Gold Hill MTB Maraton G\u0142ucho\u0142azy 165 os\u00f3b<br \/>\n( dane na podstawie elektronicznych zapis\u00f3w)<\/p>\n<p>W imieniu Zarz\u0105d Klubu Turystyki Kolarskiej Ktukol G\u0142ucho\u0142azy, serdecznie dzi\u0119kuj\u0119 zawodnikom, s\u0119dziom, trenerom, kibicom i sympatykom kolarstwa, za wsp\u00f3lne stworzenie ciekawego widowiska sportowego.<br \/>\nPanu Edwardowi Szupryczy\u0144skiemu \u2013 Burmistrzowi G\u0142ucho\u0142az oraz wszystkim instytucjom Gminy G\u0142ucho\u0142azy za daleko id\u0105c\u0105 pomoc i wsparcie przy organizacji zawod\u00f3w.<\/p>\n<p>Mieszka\u0144com szczeg\u00f3lnie Zdrojowej cz\u0119\u015bci G\u0142ucho\u0142az dzi\u0119kuj\u0119 za wyrozumia\u0142o\u015b\u0107 i przepraszam za utrudnienia jakie w zwi\u0105zku z organizacj\u0105 zawod\u00f3w ich dotkn\u0119\u0142y.<\/p>\n<p>Szczeg\u00f3lne podzi\u0119kowania kieruj\u0119 do os\u00f3b, bez kt\u00f3rych organizacja tych zawod\u00f3w nie by\u0142a by mo\u017cliwa. Wolontariuszom oraz cz\u0142onkom KTK Ktukol G\u0142ucho\u0142azy za wielogodzinn\u0105 prac\u0119 przed, w trakcie i po zawodach, a szczeg\u00f3lno\u015bci:<br \/>\nMicha\u0142owi Rudnickiemu, kt\u00f3ry by\u0142 autorem i moderatorem strony internetowej zawod\u00f3w, autorem wi\u0119kszo\u015bci materia\u0142\u00f3w graficznych zwi\u0105zanych z zawodami. W trakcie zawod\u00f3w odpowiada\u0142 za zabezpieczenie i bezpiecze\u0144stwo na trasie. Jego prac\u0119 na rzecz zawod\u00f3w, kolejny rok z rz\u0119du, mo\u017cna mierzy\u0107 tygodniami a odleg\u0142o\u015bci przebyte w trakcie znakowania i sprz\u0105tania tras przed i po zawodach w dziesi\u0105tkach kilometr\u00f3w.<\/p>\n<p>Kolega Janusz Ma\u0107kowski by\u0142 tym , dzi\u0119ki kt\u00f3remu \u017caden z uczestnik\u00f3w zawod\u00f3w nie chodzi\u0142 g\u0142odny. By\u0142o to mo\u017cliwe dzi\u0119ki jego wielu godzinom pracy przed, w trakcie i po zawodach. I robi to ju\u017c od siedmiu lat.<\/p>\n<p>W trakcie dwudniowych zawod\u00f3w ogromnie du\u017co pracy w\u0142o\u017cyli: Eligiusz J\u0119drysek, Jacek Rojek i Rados\u0142aw Radosny a w biurze zawod\u00f3w Antonina Bejnar , Danuta Budyk, Anna Rudnicka, Magdalena Karvonen, Joanna J\u0119drysek i Katarzyna Malisz. Przy ta\u015bmowaniu trasy zawodnicy Klubu Turystyki Kolarskiej KTUKOL G\u0142ucho\u0142azy i G\u0142ucho\u0142askiego Ludowego Klubu Kolarskiego VICTORIA oraz 8 G\u0142ucho\u0142aska Dru\u017cyna Harcerska MOHIKANIE.<br \/>\nSerdeczne podzi\u0119kowania pozosta\u0142ym osobom , kt\u00f3rych nie uda\u0142o mi si\u0119 wymieni\u0107.<\/p>\n<p>Serdecznie dzi\u0119kuj\u0119:<br \/>\nSponsorowi G\u0142\u00f3wnemu \u0160KODA LELLEK OPOLE za du\u017ce wsparcie rzeczowe oraz stworzenie wspania\u0142ego festynu w trakcie zawod\u00f3w z licznymi konkursami i cennymi nagrodami.<br \/>\nSzczeg\u00f3lne podzi\u0119kowania kieruje do Pana Artura Gogolok, dyrektora salonu Skoda Lellek Opole oraz Pani Joanny Kozakiewicz .<\/p>\n<p>Kolegom z OFFROAD TEAM G\u0142ucho\u0142azy za zabezpieczanie na motocyklach Maratonu MTB.<br \/>\nPani Irenie Wolak i Malta\u0144skiej S\u0142u\u017cby Medycznej w Nysie za przekazane s\u0142odycze, kt\u00f3re wywo\u0142a\u0142y u\u015bmiech na niejednej twarzy. I to nie tylko u dzieci<br \/>\nPani Katarzynie Hanusiewicz menad\u017cerowi Hotelu Aspen za ufundowanie i organizacj\u0119 punktu \u017cywieniowego przy hotelu dla zawodnik\u00f3w maratonu.<br \/>\nW\u0142a\u015bcicielom Fratelli Sossi, Jolancie i Marcinowi Nastasowskim za ufundowanie organizatorom oraz obs\u0142udze zawod\u00f3w pocz\u0119stunku.<br \/>\nPani Halinie Zieli\u0144skiej i Aleksandrowi Rajczyk za udost\u0119pnienie na potrzeby organizacji zawod\u00f3w infrastruktury Hotelu Sudety oraz za cierpliwo\u015b\u0107 i ogrom dodatkowej pracy, jak\u0105 nios\u0142y za sob\u0105 tej rangi zawody.<br \/>\nUniwersytetowi Trzeciego Wieku za pomoc przy organizacji zawod\u00f3w. Mega smalczyk i giga humor.<br \/>\nPanu Marianowi Bryksy za mo\u017cliwo\u015b\u0107 zbudowania na prywatnej dzia\u0142ce kawa\u0142ka trasy wy\u015bcigu.<br \/>\nNadle\u015bnictwu Prudnik za udost\u0119pnienie lasu i mo\u017cliwo\u015b\u0107 wytyczenia tras maratonu na ich terenie.<br \/>\nDzi\u0119kuj\u0119 sponsorom :<br \/>\n\u2022 Sponsorowi G\u0142\u00f3wnemu \u0160KODA LELLEK OPOLE<br \/>\n\u2022 Shimano Polska Sp. z o.o.<br \/>\n\u2022 Malta\u0144ska S\u0142u\u017cba Medyczna odzia\u0142 w Nysie<br \/>\n\u2022 \u015awiat Roweru G\u0142ucho\u0142azy<br \/>\n\u2022 Henry Kruse Polska Sp. z o.o.<br \/>\n\u2022 PAUL HARTMANN Polska Sp. z o.o.<br \/>\n\u2022 Schattdecor Sp. z o.o. oddzia\u0142 G\u0142ucho\u0142azy<br \/>\n\u2022 Hotel Aspen Podlesie<br \/>\n\u2022 Hotel Sudety G\u0142ucho\u0142azy<br \/>\n\u2022 P.P.H.U. Merkury Sp. z o.o. \u2013 Market Mr\u00f3wka G\u0142ucho\u0142azy<br \/>\n\u2022 Firma Konstruktor Grzegorz Gunia<br \/>\n\u2022 \u201eWodoci\u0105gi\u201d Sp. z o.o. G\u0142ucho\u0142azy<br \/>\n\u2022 G\u0142ucho\u0142askie Komunalne Towarzystwo Budownictwa Spo\u0142ecznego Sp. z o.o.<br \/>\n\u2022 Przedsi\u0119biorstwo Produkcji Handlu i Us\u0142ug ARENDA sp. z o.o. z\/s w Charbielinie<br \/>\n\u2022 Gissnet G\u0142ucho\u0142azy<br \/>\n\u2022 Fratelli Sossi G\u0142ucho\u0142azy<br \/>\n\u2022 Restauracji Mi\u00f3d Malina G\u0142ucho\u0142azy<br \/>\n\u2022 Wysowianka \u2013 Wysowa Zdr\u00f3j<br \/>\n\u2022\u201dNasze Delikatesy\u201d Maria Luba\u015b<br \/>\n\u2022 Piekarni Rogal<br \/>\n\u2022 Sklep Lewiatan Joanna \u0141ukaszczyk<br \/>\n\u2022 Sklep Owocowo &#8211; Warzywny Stychno Kazimierz<br \/>\n\u2022 Sklep Owocowo \u2013 Warzywny Janusz P\u0119pek<br \/>\n\u2022 oraz szereg podmiot\u00f3w handlowych za darowizny i upusty w cenach.<\/p>\n<p>Do zobaczenia za rok. Mam nadziej\u0119, \u017ce nasz wsp\u00f3lny wysi\u0142ek sprawi, \u017ce ka\u017cda nast\u0119pna edycja b\u0119dzie lepsza od poprzednich.<\/p>\n<p style=\"text-align: right;\">Odpowiedzialny za organizacj\u0119 zawod\u00f3w<br \/>\nTomek Rudnicki<\/p>\n","protected":false},"excerpt":{"rendered":"<p>W dniach 1 \u2013 2 wrze\u015bnia 2018r. w ramach kolarskiego weekendu G\u0142ucho\u0142azy 2018 odby\u0142 si\u0119 VII og\u00f3lnopolski wy\u015bcig CykloOpawy XC [&hellip;]<\/p>\n","protected":false},"author":1,"featured_media":0,"comment_status":"closed","ping_status":"closed","sticky":false,"template":"","format":"standard","meta":{"site-sidebar-layout":"default","site-content-layout":"","ast-site-content-layout":"default","site-content-style":"default","site-sidebar-style":"default","ast-global-header-display":"","ast-banner-title-visibility":"","ast-main-header-display":"","ast-hfb-above-header-display":"","ast-hfb-below-header-display":"","ast-hfb-mobile-header-display":"","site-post-title":"","ast-breadcrumbs-content":"","ast-featured-img":"","footer-sml-layout":"","theme-transparent-header-meta":"","adv-header-id-meta":"","stick-header-meta":"","header-above-stick-meta":"","header-main-stick-meta":"","header-below-stick-meta":"","astra-migrate-meta-layouts":"default","ast-page-background-enabled":"default","ast-page-background-meta":{"desktop":{"background-color":"var(--ast-global-color-5)","background-image":"","background-repeat":"repeat","background-position":"center center","background-size":"auto","background-attachment":"scroll","background-type":"","background-media":"","overlay-type":"","overlay-color":"","overlay-opacity":"","overlay-gradient":""},"tablet":{"background-color":"","background-image":"","background-repeat":"repeat","background-position":"center center","background-size":"auto","background-attachment":"scroll","background-type":"","background-media":"","overlay-type":"","overlay-color":"","overlay-opacity":"","overlay-gradient":""},"mobile":{"background-color":"","background-image":"","background-repeat":"repeat","background-position":"center center","background-size":"auto","background-attachment":"scroll","background-type":"","background-media":"","overlay-type":"","overlay-color":"","overlay-opacity":"","overlay-gradient":""}},"ast-content-background-meta":{"desktop":{"background-color":"var(--ast-global-color-4)","background-image":"","background-repeat":"repeat","background-position":"center center","background-size":"auto","background-attachment":"scroll","background-type":"","background-media":"","overlay-type":"","overlay-color":"","overlay-opacity":"","overlay-gradient":""},"tablet":{"background-color":"var(--ast-global-color-4)","background-image":"","background-repeat":"repeat","background-position":"center center","background-size":"auto","background-attachment":"scroll","background-type":"","background-media":"","overlay-type":"","overlay-color":"","overlay-opacity":"","overlay-gradient":""},"mobile":{"background-color":"var(--ast-global-color-4)","background-image":"","background-repeat":"repeat","background-position":"center center","background-size":"auto","background-attachment":"scroll","background-type":"","background-media":"","overlay-type":"","overlay-color":"","overlay-opacity":"","overlay-gradient":""}},"_jetpack_newsletter_access":"","_jetpack_dont_email_post_to_subs":false,"_jetpack_newsletter_tier_id":0,"_jetpack_memberships_contains_paywalled_content":false,"_jetpack_memberships_contains_paid_content":false,"footnotes":""},"categories":[119,2],"tags":[83],"class_list":["post-1265","post","type-post","status-publish","format-standard","hentry","category-119","category-archiwum","tag-podziekowania"],"jetpack_featured_media_url":"","jetpack_shortlink":"https:\/\/wp.me\/p4WQ0D-kp","jetpack_sharing_enabled":true,"_links":{"self":[{"href":"https:\/\/mtbglucholazy.pl\/index.php?rest_route=\/wp\/v2\/posts\/1265","targetHints":{"allow":["GET"]}}],"collection":[{"href":"https:\/\/mtbglucholazy.pl\/index.php?rest_route=\/wp\/v2\/posts"}],"about":[{"href":"https:\/\/mtbglucholazy.pl\/index.php?rest_route=\/wp\/v2\/types\/post"}],"author":[{"embeddable":true,"href":"https:\/\/mtbglucholazy.pl\/index.php?rest_route=\/wp\/v2\/users\/1"}],"replies":[{"embeddable":true,"href":"https:\/\/mtbglucholazy.pl\/index.php?rest_route=%2Fwp%2Fv2%2Fcomments&post=1265"}],"version-history":[{"count":8,"href":"https:\/\/mtbglucholazy.pl\/index.php?rest_route=\/wp\/v2\/posts\/1265\/revisions"}],"predecessor-version":[{"id":1275,"href":"https:\/\/mtbglucholazy.pl\/index.php?rest_route=\/wp\/v2\/posts\/1265\/revisions\/1275"}],"wp:attachment":[{"href":"https:\/\/mtbglucholazy.pl\/index.php?rest_route=%2Fwp%2Fv2%2Fmedia&parent=1265"}],"wp:term":[{"taxonomy":"category","embeddable":true,"href":"https:\/\/mtbglucholazy.pl\/index.php?rest_route=%2Fwp%2Fv2%2Fcategories&post=1265"},{"taxonomy":"post_tag","embeddable":true,"href":"https:\/\/mtbglucholazy.pl\/index.php?rest_route=%2Fwp%2Fv2%2Ftags&post=1265"}],"curies":[{"name":"wp","href":"https:\/\/api.w.org\/{rel}","templated":true}]}}